{"id":4216,"date":"2026-07-31T09:00:00","date_gmt":"2026-07-31T12:00:00","guid":{"rendered":"https:\/\/tecgrafteclados.com.br\/blog\/?p=4216"},"modified":"2026-07-03T18:05:35","modified_gmt":"2026-07-03T21:05:35","slug":"retrofit-revitalizacao-frota-balancas-comerciais","status":"publish","type":"post","link":"https:\/\/tecgrafteclados.com.br\/blog\/retrofit-revitalizacao-frota-balancas-comerciais\/","title":{"rendered":"Revitalize Sua Frota com o Retrofit de Balan\u00e7as Comerciais Sem Comprar Equipamentos Novos"},"content":{"rendered":"<span class=\"span-reading-time rt-reading-time\" style=\"display: block;\"><span class=\"rt-label rt-prefix\">Tempo de leitura:<\/span> <span class=\"rt-time\"> 4<\/span> <span class=\"rt-label rt-postfix\">minutos<\/span><\/span>\t\t<div data-elementor-type=\"wp-post\" data-elementor-id=\"4216\" class=\"elementor elementor-4216\">\n\t\t\t\t<div class=\"elementor-element elementor-element-188ff14 e-flex e-con-boxed wpr-particle-no wpr-jarallax-no wpr-parallax-no wpr-sticky-section-no e-con e-parent\" data-id=\"188ff14\" data-element_type=\"container\">\n\t\t\t\t\t<div class=\"e-con-inner\">\n\t\t\t\t<div class=\"elementor-element elementor-element-5127552 elementor-widget elementor-widget-text-editor\" data-id=\"5127552\" data-element_type=\"widget\" data-widget_type=\"text-editor.default\">\n\t\t\t\t<div class=\"elementor-widget-container\">\n\t\t\t\t\t\t\t\t\t<p><span style=\"font-weight: 400;\">No atual cen\u00e1rio econ\u00f4mico, a gest\u00e3o inteligente de ativos \u00e9 o que separa as grandes redes varejistas das opera\u00e7\u00f5es que perdem dinheiro. Um dos maiores dilemas enfrentados por diretores de opera\u00e7\u00f5es e donos de supermercados \u00e9 o envelhecimento do parque tecnol\u00f3gico. Quando voc\u00ea olha para as ilhas de pesagem do a\u00e7ougue, da padaria ou do setor de frios e v\u00ea equipamentos com aspecto de velhos, teclados rasgados e pain\u00e9is descascados, o primeiro instinto costuma ser o pior poss\u00edvel para o fluxo de caixa: a compra de uma frota de balan\u00e7as comerciais totalmente nova.<\/span><\/p><p><span style=\"font-weight: 400;\">O que a grande maioria dos fornecedores n\u00e3o conta \u00e9 que a substitui\u00e7\u00e3o completa de um maquin\u00e1rio, apenas porque a sua interface visual e t\u00e1til est\u00e1 degradada, \u00e9 um erro estrat\u00e9gico grav\u00edssimo. A placa eletr\u00f4nica e a c\u00e9lula de carga, os verdadeiros motores financeiros da balan\u00e7a, costumam ter uma vida \u00fatil muito superior ao seu exterior. \u00c9 exatamente aqui que entra a estrat\u00e9gia mais inteligente e rent\u00e1vel para assist\u00eancias t\u00e9cnicas e redes de varejo: o Retrofit.<\/span><\/p>\t\t\t\t\t\t\t\t<\/div>\n\t\t\t\t<\/div>\n\t\t\t\t\t<\/div>\n\t\t\t\t<\/div>\n\t\t<div class=\"elementor-element elementor-element-b174635 e-flex e-con-boxed wpr-particle-no wpr-jarallax-no wpr-parallax-no wpr-sticky-section-no e-con e-parent\" data-id=\"b174635\" data-element_type=\"container\">\n\t\t\t\t\t<div class=\"e-con-inner\">\n\t\t\t\t<div class=\"elementor-element elementor-element-05fc04c elementor-widget elementor-widget-heading\" data-id=\"05fc04c\" data-element_type=\"widget\" data-widget_type=\"heading.default\">\n\t\t\t\t<div class=\"elementor-widget-container\">\n\t\t\t\t\t<div id=\"ez-toc-container\" class=\"ez-toc-v2_0_81 counter-hierarchy ez-toc-counter ez-toc-grey ez-toc-container-direction\">\n<div class=\"ez-toc-title-container\">\n<p class=\"ez-toc-title\" style=\"cursor:inherit\">O que abordaremos neste artigo:<\/p>\n<span class=\"ez-toc-title-toggle\"><a href=\"#\" class=\"ez-toc-pull-right ez-toc-btn ez-toc-btn-xs ez-toc-btn-default ez-toc-toggle\" aria-label=\"Alternar tabela de conte\u00fado\"><span class=\"ez-toc-js-icon-con\"><span class=\"\"><span class=\"eztoc-hide\" style=\"display:none;\">Toggle<\/span><span class=\"ez-toc-icon-toggle-span\"><svg style=\"fill: #999;color:#999\" xmlns=\"http:\/\/www.w3.org\/2000\/svg\" class=\"list-377408\" width=\"20px\" height=\"20px\" viewBox=\"0 0 24 24\" fill=\"none\"><path d=\"M6 6H4v2h2V6zm14 0H8v2h12V6zM4 11h2v2H4v-2zm16 0H8v2h12v-2zM4 16h2v2H4v-2zm16 0H8v2h12v-2z\" fill=\"currentColor\"><\/path><\/svg><svg style=\"fill: #999;color:#999\" class=\"arrow-unsorted-368013\" xmlns=\"http:\/\/www.w3.org\/2000\/svg\" width=\"10px\" height=\"10px\" viewBox=\"0 0 24 24\" version=\"1.2\" baseProfile=\"tiny\"><path d=\"M18.2 9.3l-6.2-6.3-6.2 6.3c-.2.2-.3.4-.3.7s.1.5.3.7c.2.2.4.3.7.3h11c.3 0 .5-.1.7-.3.2-.2.3-.5.3-.7s-.1-.5-.3-.7zM5.8 14.7l6.2 6.3 6.2-6.3c.2-.2.3-.5.3-.7s-.1-.5-.3-.7c-.2-.2-.4-.3-.7-.3h-11c-.3 0-.5.1-.7.3-.2.2-.3.5-.3.7s.1.5.3.7z\"\/><\/svg><\/span><\/span><\/span><\/a><\/span><\/div>\n<nav><ul class='ez-toc-list ez-toc-list-level-1 ' ><li class='ez-toc-page-1 ez-toc-heading-level-2'><a class=\"ez-toc-link ez-toc-heading-1\" href=\"https:\/\/tecgrafteclados.com.br\/blog\/retrofit-revitalizacao-frota-balancas-comerciais\/#O_Impacto_Visual_e_Financeiro_do_Desgaste_no_Varejo\" >O Impacto Visual e Financeiro do Desgaste no Varejo<\/a><ul class='ez-toc-list-level-3' ><li class='ez-toc-heading-level-3'><a class=\"ez-toc-link ez-toc-heading-2\" href=\"https:\/\/tecgrafteclados.com.br\/blog\/retrofit-revitalizacao-frota-balancas-comerciais\/#A_armadilha_do_descarte_prematuro_e_o_Custo_Total_de_Propriedade_TCO\" >A armadilha do descarte prematuro e o Custo Total de Propriedade (TCO)<\/a><\/li><\/ul><\/li><li class='ez-toc-page-1 ez-toc-heading-level-2'><a class=\"ez-toc-link ez-toc-heading-3\" href=\"https:\/\/tecgrafteclados.com.br\/blog\/retrofit-revitalizacao-frota-balancas-comerciais\/#A_Estrategia_do_Retrofit_Maxima_Eficiencia_com_Baixo_Investimento\" >A Estrat\u00e9gia do Retrofit: M\u00e1xima Efici\u00eancia com Baixo Investimento<\/a><\/li><li class='ez-toc-page-1 ez-toc-heading-level-2'><a class=\"ez-toc-link ez-toc-heading-4\" href=\"https:\/\/tecgrafteclados.com.br\/blog\/retrofit-revitalizacao-frota-balancas-comerciais\/#O_Padrao_Industrial_para_a_Renovacao_de_Frotas\" >O Padr\u00e3o Industrial para a Renova\u00e7\u00e3o de Frotas<\/a><ul class='ez-toc-list-level-3' ><li class='ez-toc-heading-level-3'><a class=\"ez-toc-link ez-toc-heading-5\" href=\"https:\/\/tecgrafteclados.com.br\/blog\/retrofit-revitalizacao-frota-balancas-comerciais\/#Teclado_Prix_V_Plus_Azul_A_Renovacao_Estetica_e_Operacional\" >Teclado Prix V Plus Azul: A Renova\u00e7\u00e3o Est\u00e9tica e Operacional<\/a><\/li><li class='ez-toc-page-1 ez-toc-heading-level-3'><a class=\"ez-toc-link ez-toc-heading-6\" href=\"https:\/\/tecgrafteclados.com.br\/blog\/retrofit-revitalizacao-frota-balancas-comerciais\/#A_Parceria_com_a_3M_Fixacao_Absoluta_em_Gabinetes_Antigos\" >A Parceria com a 3M: Fixa\u00e7\u00e3o Absoluta em Gabinetes Antigos<\/a><\/li><\/ul><\/li><li class='ez-toc-page-1 ez-toc-heading-level-2'><a class=\"ez-toc-link ez-toc-heading-7\" href=\"https:\/\/tecgrafteclados.com.br\/blog\/retrofit-revitalizacao-frota-balancas-comerciais\/#Um_Legado_de_Qualidade_Prepare-se_para_o_Nosso_Mes_de_Aniversario\" >Um Legado de Qualidade: Prepare-se para o Nosso M\u00eas de Anivers\u00e1rio<\/a><\/li><\/ul><\/nav><\/div>\n<h2 class=\"elementor-heading-title elementor-size-default\"><span class=\"ez-toc-section\" id=\"O_Impacto_Visual_e_Financeiro_do_Desgaste_no_Varejo\"><\/span>O Impacto Visual e Financeiro do Desgaste no Varejo<span class=\"ez-toc-section-end\"><\/span><\/h2>\t\t\t\t<\/div>\n\t\t\t\t<\/div>\n\t\t\t\t<div class=\"elementor-element elementor-element-5a24993 elementor-widget elementor-widget-text-editor\" data-id=\"5a24993\" data-element_type=\"widget\" data-widget_type=\"text-editor.default\">\n\t\t\t\t<div class=\"elementor-widget-container\">\n\t\t\t\t\t\t\t\t\t<p><span style=\"font-weight: 400;\">A apar\u00eancia dos equipamentos no ponto de venda (PDV) comunica diretamente o n\u00edvel de higiene e cuidado do estabelecimento. No setor de perec\u00edveis, essa percep\u00e7\u00e3o \u00e9 ainda mais cr\u00edtica. Um consumidor que se aproxima do balc\u00e3o e se depara com uma balan\u00e7a de carca\u00e7a gasta, com bot\u00f5es encardidos ou furos nas teclas, associa imediatamente essa degrada\u00e7\u00e3o \u00e0 qualidade do produto que est\u00e1 prestes a levar para casa<\/span><\/p>\t\t\t\t\t\t\t\t<\/div>\n\t\t\t\t<\/div>\n\t\t\t\t<div class=\"elementor-element elementor-element-dbb1f26 elementor-widget elementor-widget-heading\" data-id=\"dbb1f26\" data-element_type=\"widget\" data-widget_type=\"heading.default\">\n\t\t\t\t<div class=\"elementor-widget-container\">\n\t\t\t\t\t<h3 class=\"elementor-heading-title elementor-size-default\"><span class=\"ez-toc-section\" id=\"A_armadilha_do_descarte_prematuro_e_o_Custo_Total_de_Propriedade_TCO\"><\/span>A armadilha do descarte prematuro e o Custo Total de Propriedade (TCO)<span class=\"ez-toc-section-end\"><\/span><\/h3>\t\t\t\t<\/div>\n\t\t\t\t<\/div>\n\t\t\t\t<div class=\"elementor-element elementor-element-49529ae elementor-widget elementor-widget-text-editor\" data-id=\"49529ae\" data-element_type=\"widget\" data-widget_type=\"text-editor.default\">\n\t\t\t\t<div class=\"elementor-widget-container\">\n\t\t\t\t\t\t\t\t\t<p><span style=\"font-weight: 400;\">Diante de um parque de m\u00e1quinas esteticamente comprometido, or\u00e7ar balan\u00e7as zero quil\u00f4metro para uma rede inteira exige um investimento de centenas de milhares de reais, um capital que poderia ser alocado em expans\u00e3o ou marketing. O descarte prematuro de balan\u00e7as que ainda pesam com exatid\u00e3o joga no lixo todo o Custo Total de Propriedade (TCO) otimizado daquele equipamento. A solu\u00e7\u00e3o n\u00e3o \u00e9 trocar a m\u00e1quina, mas renovar o seu ponto de contato com o usu\u00e1rio.<\/span><\/p>\t\t\t\t\t\t\t\t<\/div>\n\t\t\t\t<\/div>\n\t\t\t\t<div class=\"elementor-element elementor-element-fd526db elementor-widget elementor-widget-heading\" data-id=\"fd526db\" data-element_type=\"widget\" data-widget_type=\"heading.default\">\n\t\t\t\t<div class=\"elementor-widget-container\">\n\t\t\t\t\t<h2 class=\"elementor-heading-title elementor-size-default\"><span class=\"ez-toc-section\" id=\"A_Estrategia_do_Retrofit_Maxima_Eficiencia_com_Baixo_Investimento\"><\/span>A Estrat\u00e9gia do Retrofit: M\u00e1xima Efici\u00eancia com Baixo Investimento<span class=\"ez-toc-section-end\"><\/span><\/h2>\t\t\t\t<\/div>\n\t\t\t\t<\/div>\n\t\t\t\t<div class=\"elementor-element elementor-element-2bbfb0f elementor-widget elementor-widget-text-editor\" data-id=\"2bbfb0f\" data-element_type=\"widget\" data-widget_type=\"text-editor.default\">\n\t\t\t\t<div class=\"elementor-widget-container\">\n\t\t\t\t\t\t\t\t\t<p><span style=\"font-weight: 400;\">O <a href=\"https:\/\/tecgrafteclados.com.br\/blog\/escolha-equipamento-correto-ponto-de-venda\/\">Retrofit<\/a> \u00e9 um processo de moderniza\u00e7\u00e3o e revitaliza\u00e7\u00e3o de equipamentos que estende a vida \u00fatil da frota, inserindo tecnologias de interface mais modernas em gabinetes antigos. Na pr\u00e1tica, trata-se de realizar o upgrade visual e funcional da m\u00e1quina, trocando apenas as membranas de digita\u00e7\u00e3o e os pain\u00e9is frontais por componentes de n\u00edvel industrial.<\/span><\/p><p><span style=\"font-weight: 400;\">Ao substituir uma pel\u00edcula gasta por uma interface nova e robusta, a assist\u00eancia t\u00e9cnica devolve ao supermercado uma &#8220;balan\u00e7a zero km&#8221; em termos de est\u00e9tica e agilidade de opera\u00e7\u00e3o, cobrando apenas uma fra\u00e7\u00e3o m\u00ednima do valor de um equipamento novo. \u00c9 um servi\u00e7o de alto valor agregado que gera economia maci\u00e7a para o varejista e excelente margem de lucro para o prestador de servi\u00e7o.<\/span><\/p>\t\t\t\t\t\t\t\t<\/div>\n\t\t\t\t<\/div>\n\t\t\t\t<div class=\"elementor-element elementor-element-2d6c85f elementor-widget elementor-widget-heading\" data-id=\"2d6c85f\" data-element_type=\"widget\" data-widget_type=\"heading.default\">\n\t\t\t\t<div class=\"elementor-widget-container\">\n\t\t\t\t\t<h2 class=\"elementor-heading-title elementor-size-default\"><span class=\"ez-toc-section\" id=\"O_Padrao_Industrial_para_a_Renovacao_de_Frotas\"><\/span>O Padr\u00e3o Industrial para a Renova\u00e7\u00e3o de Frotas<span class=\"ez-toc-section-end\"><\/span><\/h2>\t\t\t\t<\/div>\n\t\t\t\t<\/div>\n\t\t\t\t<div class=\"elementor-element elementor-element-28ea981 elementor-widget elementor-widget-text-editor\" data-id=\"28ea981\" data-element_type=\"widget\" data-widget_type=\"text-editor.default\">\n\t\t\t\t<div class=\"elementor-widget-container\">\n\t\t\t\t\t\t\t\t\t<p><span style=\"font-weight: 400;\">Para que o Retrofit seja um sucesso, as pe\u00e7as de reposi\u00e7\u00e3o n\u00e3o podem ser gen\u00e9ricas. Elas precisam entregar uma durabilidade igual ou superior \u00e0 pe\u00e7a original que veio de f\u00e1brica. \u00c9 neste n\u00edvel de exig\u00eancia que a engenharia da Tecgraf atua. Fabricamos solu\u00e7\u00f5es de interface que n\u00e3o apenas rep\u00f5em, mas melhoram o desempenho da m\u00e1quina no balc\u00e3o.<\/span><\/p>\t\t\t\t\t\t\t\t<\/div>\n\t\t\t\t<\/div>\n\t\t\t\t<div class=\"elementor-element elementor-element-dc337cb elementor-widget elementor-widget-heading\" data-id=\"dc337cb\" data-element_type=\"widget\" data-widget_type=\"heading.default\">\n\t\t\t\t<div class=\"elementor-widget-container\">\n\t\t\t\t\t<h3 class=\"elementor-heading-title elementor-size-default\"><span class=\"ez-toc-section\" id=\"Teclado_Prix_V_Plus_Azul_A_Renovacao_Estetica_e_Operacional\"><\/span>Teclado Prix V Plus Azul: A Renova\u00e7\u00e3o Est\u00e9tica e Operacional\n<span class=\"ez-toc-section-end\"><\/span><\/h3>\t\t\t\t<\/div>\n\t\t\t\t<\/div>\n\t\t\t\t<div class=\"elementor-element elementor-element-44e1328 elementor-widget elementor-widget-text-editor\" data-id=\"44e1328\" data-element_type=\"widget\" data-widget_type=\"text-editor.default\">\n\t\t\t\t<div class=\"elementor-widget-container\">\n\t\t\t\t\t\t\t\t\t<p><span style=\"font-weight: 400;\">Para os setores de maior exig\u00eancia higi\u00eanica e visual, como a\u00e7ougues e setores de frios, a pe\u00e7a central do nosso portf\u00f3lio de revitaliza\u00e7\u00e3o \u00e9 o <\/span><b><a href=\"https:\/\/tecgrafteclados.com.br\/blog\/teclado-de-membrana-balanca-prix-v-plus\/\">Teclado Prix V Plus Azul<\/a><\/b><span style=\"font-weight: 400;\">. Este modelo transcende a simples manuten\u00e7\u00e3o; ele atua como um verdadeiro upgrade est\u00e9tico para a balan\u00e7a. A colora\u00e7\u00e3o azul vibrante e o acabamento impec\u00e1vel transmitem uma sensa\u00e7\u00e3o imediata de limpeza, modernidade e assepsia, fundamentais para a confian\u00e7a do consumidor que compra perec\u00edveis.<\/span><\/p><p><span style=\"font-weight: 400;\">Al\u00e9m do impacto visual imediato, o Teclado Prix V Plus Azul \u00e9 constru\u00eddo com pol\u00edmeros de alta resist\u00eancia mec\u00e2nica e qu\u00edmica, projetados para suportar a constante aplica\u00e7\u00e3o de produtos de limpeza sem desbotar, ressecar ou perder a legibilidade dos comandos. \u00c9 a uni\u00e3o perfeita entre a renova\u00e7\u00e3o visual do Retrofit e a performance implac\u00e1vel que o varejo exige.<\/span><\/p>\t\t\t\t\t\t\t\t<\/div>\n\t\t\t\t<\/div>\n\t\t\t\t<div class=\"elementor-element elementor-element-118fc75 elementor-widget elementor-widget-heading\" data-id=\"118fc75\" data-element_type=\"widget\" data-widget_type=\"heading.default\">\n\t\t\t\t<div class=\"elementor-widget-container\">\n\t\t\t\t\t<h3 class=\"elementor-heading-title elementor-size-default\"><span class=\"ez-toc-section\" id=\"A_Parceria_com_a_3M_Fixacao_Absoluta_em_Gabinetes_Antigos\"><\/span>A Parceria com a 3M: Fixa\u00e7\u00e3o Absoluta em Gabinetes Antigos<span class=\"ez-toc-section-end\"><\/span><\/h3>\t\t\t\t<\/div>\n\t\t\t\t<\/div>\n\t\t\t\t<div class=\"elementor-element elementor-element-3f92063 elementor-widget elementor-widget-text-editor\" data-id=\"3f92063\" data-element_type=\"widget\" data-widget_type=\"text-editor.default\">\n\t\t\t\t<div class=\"elementor-widget-container\">\n\t\t\t\t\t\t\t\t\t<p><span style=\"font-weight: 400;\">Um dos grandes desafios de revitalizar uma m\u00e1quina antiga \u00e9 garantir que a nova pe\u00e7a se fixe perfeitamente em um gabinete que j\u00e1 sofreu com anos de uso e varia\u00e7\u00f5es t\u00e9rmicas. Para garantir que o seu Retrofit seja definitivo, a Tecgraf utiliza exclusivamente insumos da 3M, a marca l\u00edder e refer\u00eancia mundial absoluta em tecnologia de adesiva\u00e7\u00e3o.<\/span><\/p><p><span style=\"font-weight: 400;\">Todos os nossos teclados saem de f\u00e1brica com a aplica\u00e7\u00e3o milim\u00e9trica da fita dupla face 3M. Esse adesivo industrial garante uma ancoragem extrema, fundindo o novo teclado ao equipamento de forma permanente. Ele cria uma blindagem nas bordas que impede a infiltra\u00e7\u00e3o de l\u00edquidos e bloqueia o descolamento prematuro, assegurando que a balan\u00e7a revitalizada opere por anos sem necessidade de retrabalho por parte da assist\u00eancia t\u00e9cnica.<\/span><\/p>\t\t\t\t\t\t\t\t<\/div>\n\t\t\t\t<\/div>\n\t\t\t\t<div class=\"elementor-element elementor-element-ae036ce elementor-widget elementor-widget-heading\" data-id=\"ae036ce\" data-element_type=\"widget\" data-widget_type=\"heading.default\">\n\t\t\t\t<div class=\"elementor-widget-container\">\n\t\t\t\t\t<h2 class=\"elementor-heading-title elementor-size-default\"><span class=\"ez-toc-section\" id=\"Um_Legado_de_Qualidade_Prepare-se_para_o_Nosso_Mes_de_Aniversario\"><\/span>Um Legado de Qualidade: Prepare-se para o Nosso M\u00eas de Anivers\u00e1rio<span class=\"ez-toc-section-end\"><\/span><\/h2>\t\t\t\t<\/div>\n\t\t\t\t<\/div>\n\t\t\t\t<div class=\"elementor-element elementor-element-9913685 elementor-widget elementor-widget-text-editor\" data-id=\"9913685\" data-element_type=\"widget\" data-widget_type=\"text-editor.default\">\n\t\t\t\t<div class=\"elementor-widget-container\">\n\t\t\t\t\t\t\t\t\t<p><span style=\"font-weight: 400;\">A durabilidade implac\u00e1vel dos nossos componentes e a escolha criteriosa de parceiros como a <a href=\"https:\/\/www.3m.com.br\/3M\/pt_BR\/3m-do-brasil\/\">3M<\/a> n\u00e3o s\u00e3o frutos do acaso; s\u00e3o o resultado de uma jornada de evolu\u00e7\u00e3o constante. E esse compromisso com a excel\u00eancia est\u00e1 prestes a celebrar um marco hist\u00f3rico.<\/span><\/p><p><b>No pr\u00f3ximo m\u00eas de agosto, a Tecgraf completa oficialmente 26 anos de hist\u00f3ria.<\/b><span style=\"font-weight: 400;\"> S\u00e3o quase tr\u00eas d\u00e9cadas desenvolvendo solu\u00e7\u00f5es tecnol\u00f3gicas focadas no comprometimento absoluto com a qualidade do varejo e das assist\u00eancias t\u00e9cnicas do Brasil. Para marcar esse momento, estamos preparando inova\u00e7\u00f5es e a\u00e7\u00f5es que v\u00e3o impactar diretamente o seu neg\u00f3cio. Fique de olho em nosso site e acompanhe nossas redes sociais nas pr\u00f3ximas semanas, pois o nosso pr\u00f3ximo passo vai revolucionar a forma como voc\u00ea enxerga a manuten\u00e7\u00e3o de balan\u00e7as comerciais.<\/span><\/p><p><span style=\"font-weight: 400;\">N\u00e3o jogue dinheiro fora trocando m\u00e1quinas que podem ser revitalizadas. Eleve o padr\u00e3o da sua manuten\u00e7\u00e3o, aumente sua margem de lucro e entregue equipamentos com aspecto de novos aos seus clientes. Para fazer o retrofit da sua frota com o Teclado Prix V Plus Azul e nossos componentes industriais, <\/span><b><a href=\"https:\/\/api.whatsapp.com\/send?phone=5511911402891\">fale aqui com um de nossos especiali<\/a>stas<\/b><span style=\"font-weight: 400;\"> no WhatsApp e fa\u00e7a o seu pedido.<\/span><\/p>\t\t\t\t\t\t\t\t<\/div>\n\t\t\t\t<\/div>\n\t\t\t\t\t<\/div>\n\t\t\t\t<\/div>\n\t\t\t\t<\/div>\n\t\t","protected":false},"excerpt":{"rendered":"<p><span class=\"span-reading-time rt-reading-time\" style=\"display: block;\"><span class=\"rt-label rt-prefix\">Tempo de leitura:<\/span> <span class=\"rt-time\"> 4<\/span> <span class=\"rt-label rt-postfix\">minutos<\/span><\/span>Economize no varejo fazendo o retrofit das suas balan\u00e7as comerciais. Renove a est\u00e9tica e a efici\u00eancia dos equipamentos com o Teclado Prix V Plus Azul<\/p>\n","protected":false},"author":2,"featured_media":4185,"comment_status":"open","ping_status":"open","sticky":false,"template":"","format":"standard","meta":{"footnotes":""},"categories":[5645,2306,2847,2341,2168,3542,1960],"tags":[2235,2934,2053,1962,1964,1971,1967,2150],"class_list":["post-4216","post","type-post","status-publish","format-standard","has-post-thumbnail","hentry","category-cabeca-termica","category-circuitos-flexiveis","category-etiquetas-de-identificacao-industrial","category-etiquetas-tecnicas","category-paineis","category-produtos-eletronicos-industriais","category-teclados-de-membrana","tag-circuito-flexivel-personalizado","tag-fabricante-de-teclados-de-membrana","tag-teclado-de-membrana-e-resistente-a-agua","tag-teclado-de-membrana-industrial","tag-teclado-de-membrana-personalizado","tag-teclado-de-membrana-resistente","tag-teclado-de-membrana-sob-medida","tag-teclado-de-membrana-tecgraf"],"yoast_head":"<!-- This site is optimized with the Yoast SEO plugin v27.1.1 - https:\/\/yoast.com\/product\/yoast-seo-wordpress\/ -->\n<title>Revitalize Sua Frota com o Retrofit de Balan\u00e7as Comerciais Sem Comprar Equipamentos Novos - Blog %<\/title>\n<meta name=\"description\" content=\"Economize no varejo fazendo o retrofit das suas balan\u00e7as comerciais. Renove a efici\u00eancia dos equipamentos com o Teclado Prix V Plus Azul.\" \/>\n<meta name=\"robots\" content=\"index, follow, max-snippet:-1, max-image-preview:large, max-video-preview:-1\" \/>\n<link rel=\"canonical\" href=\"https:\/\/tecgrafteclados.com.br\/blog\/retrofit-revitalizacao-frota-balancas-comerciais\/\" \/>\n<meta property=\"og:locale\" content=\"pt_BR\" \/>\n<meta property=\"og:type\" content=\"article\" \/>\n<meta property=\"og:title\" content=\"Revitalize Sua Frota com o Retrofit de Balan\u00e7as Comerciais Sem Comprar Equipamentos Novos - Blog %\" \/>\n<meta property=\"og:description\" content=\"Economize no varejo fazendo o retrofit das suas balan\u00e7as comerciais. Renove a efici\u00eancia dos equipamentos com o Teclado Prix V Plus Azul.\" \/>\n<meta property=\"og:url\" content=\"https:\/\/tecgrafteclados.com.br\/blog\/retrofit-revitalizacao-frota-balancas-comerciais\/\" \/>\n<meta property=\"og:site_name\" content=\"Blog\" \/>\n<meta property=\"article:published_time\" content=\"2026-07-31T12:00:00+00:00\" \/>\n<meta property=\"og:image\" content=\"https:\/\/tecgrafteclados.com.br\/blog\/wp-content\/uploads\/2026\/07\/Design-sem-nome-21.png\" \/>\n\t<meta property=\"og:image:width\" content=\"1200\" \/>\n\t<meta property=\"og:image:height\" content=\"630\" \/>\n\t<meta property=\"og:image:type\" content=\"image\/png\" \/>\n<meta name=\"author\" content=\"Adm Tecgrafteclados\" \/>\n<meta name=\"twitter:card\" content=\"summary_large_image\" \/>\n<meta name=\"twitter:label1\" content=\"Escrito por\" \/>\n\t<meta name=\"twitter:data1\" content=\"Adm Tecgrafteclados\" \/>\n\t<meta name=\"twitter:label2\" content=\"Est. tempo de leitura\" \/>\n\t<meta name=\"twitter:data2\" content=\"6 minutos\" \/>\n<script type=\"application\/ld+json\" class=\"yoast-schema-graph\">{\"@context\":\"https:\/\/schema.org\",\"@graph\":[{\"@type\":\"Article\",\"@id\":\"https:\/\/tecgrafteclados.com.br\/blog\/retrofit-revitalizacao-frota-balancas-comerciais\/#article\",\"isPartOf\":{\"@id\":\"https:\/\/tecgrafteclados.com.br\/blog\/retrofit-revitalizacao-frota-balancas-comerciais\/\"},\"author\":{\"name\":\"Adm Tecgrafteclados\",\"@id\":\"https:\/\/tecgrafteclados.com.br\/blog\/#\/schema\/person\/ff75e3ff3dfe78e4b82eeb074d41b878\"},\"headline\":\"Revitalize Sua Frota com o Retrofit de Balan\u00e7as Comerciais Sem Comprar Equipamentos Novos\",\"datePublished\":\"2026-07-31T12:00:00+00:00\",\"mainEntityOfPage\":{\"@id\":\"https:\/\/tecgrafteclados.com.br\/blog\/retrofit-revitalizacao-frota-balancas-comerciais\/\"},\"wordCount\":1146,\"commentCount\":0,\"publisher\":{\"@id\":\"https:\/\/tecgrafteclados.com.br\/blog\/#organization\"},\"image\":{\"@id\":\"https:\/\/tecgrafteclados.com.br\/blog\/retrofit-revitalizacao-frota-balancas-comerciais\/#primaryimage\"},\"thumbnailUrl\":\"https:\/\/tecgrafteclados.com.br\/blog\/wp-content\/uploads\/2026\/07\/Design-sem-nome-21.png\",\"keywords\":[\"circuito flex\u00edvel personalizado\",\"fabricante de teclados de membrana\",\"teclado de membrana \u00e9 resistente \u00e0 \u00e1gua?\",\"teclado de membrana industrial\",\"teclado de membrana personalizado\",\"teclado de membrana resistente\",\"teclado de membrana sob medida\",\"teclado de membrana Tecgraf\"],\"articleSection\":[\"Cabe\u00e7a t\u00e9rmica\",\"Circuitos flex\u00edveis\",\"etiquetas de identifica\u00e7\u00e3o industrial\",\"Etiquetas T\u00e9cnicas\",\"Pain\u00e9is\",\"produtos eletr\u00f4nicos industriais\",\"Teclados de Membrana\"],\"inLanguage\":\"pt-BR\",\"potentialAction\":[{\"@type\":\"CommentAction\",\"name\":\"Comment\",\"target\":[\"https:\/\/tecgrafteclados.com.br\/blog\/retrofit-revitalizacao-frota-balancas-comerciais\/#respond\"]}]},{\"@type\":\"WebPage\",\"@id\":\"https:\/\/tecgrafteclados.com.br\/blog\/retrofit-revitalizacao-frota-balancas-comerciais\/\",\"url\":\"https:\/\/tecgrafteclados.com.br\/blog\/retrofit-revitalizacao-frota-balancas-comerciais\/\",\"name\":\"Revitalize Sua Frota com o Retrofit de Balan\u00e7as Comerciais Sem Comprar Equipamentos Novos - Blog %\",\"isPartOf\":{\"@id\":\"https:\/\/tecgrafteclados.com.br\/blog\/#website\"},\"primaryImageOfPage\":{\"@id\":\"https:\/\/tecgrafteclados.com.br\/blog\/retrofit-revitalizacao-frota-balancas-comerciais\/#primaryimage\"},\"image\":{\"@id\":\"https:\/\/tecgrafteclados.com.br\/blog\/retrofit-revitalizacao-frota-balancas-comerciais\/#primaryimage\"},\"thumbnailUrl\":\"https:\/\/tecgrafteclados.com.br\/blog\/wp-content\/uploads\/2026\/07\/Design-sem-nome-21.png\",\"datePublished\":\"2026-07-31T12:00:00+00:00\",\"description\":\"Economize no varejo fazendo o retrofit das suas balan\u00e7as comerciais. Renove a efici\u00eancia dos equipamentos com o Teclado Prix V Plus Azul.\",\"breadcrumb\":{\"@id\":\"https:\/\/tecgrafteclados.com.br\/blog\/retrofit-revitalizacao-frota-balancas-comerciais\/#breadcrumb\"},\"inLanguage\":\"pt-BR\",\"potentialAction\":[{\"@type\":\"ReadAction\",\"target\":[\"https:\/\/tecgrafteclados.com.br\/blog\/retrofit-revitalizacao-frota-balancas-comerciais\/\"]}]},{\"@type\":\"ImageObject\",\"inLanguage\":\"pt-BR\",\"@id\":\"https:\/\/tecgrafteclados.com.br\/blog\/retrofit-revitalizacao-frota-balancas-comerciais\/#primaryimage\",\"url\":\"https:\/\/tecgrafteclados.com.br\/blog\/wp-content\/uploads\/2026\/07\/Design-sem-nome-21.png\",\"contentUrl\":\"https:\/\/tecgrafteclados.com.br\/blog\/wp-content\/uploads\/2026\/07\/Design-sem-nome-21.png\",\"width\":1200,\"height\":630},{\"@type\":\"BreadcrumbList\",\"@id\":\"https:\/\/tecgrafteclados.com.br\/blog\/retrofit-revitalizacao-frota-balancas-comerciais\/#breadcrumb\",\"itemListElement\":[{\"@type\":\"ListItem\",\"position\":1,\"name\":\"In\u00edcio\",\"item\":\"https:\/\/tecgrafteclados.com.br\/blog\/\"},{\"@type\":\"ListItem\",\"position\":2,\"name\":\"Revitalize Sua Frota com o Retrofit de Balan\u00e7as Comerciais Sem Comprar Equipamentos Novos\"}]},{\"@type\":\"WebSite\",\"@id\":\"https:\/\/tecgrafteclados.com.br\/blog\/#website\",\"url\":\"https:\/\/tecgrafteclados.com.br\/blog\/\",\"name\":\"Blog\",\"description\":\"\",\"publisher\":{\"@id\":\"https:\/\/tecgrafteclados.com.br\/blog\/#organization\"},\"potentialAction\":[{\"@type\":\"SearchAction\",\"target\":{\"@type\":\"EntryPoint\",\"urlTemplate\":\"https:\/\/tecgrafteclados.com.br\/blog\/?s={search_term_string}\"},\"query-input\":{\"@type\":\"PropertyValueSpecification\",\"valueRequired\":true,\"valueName\":\"search_term_string\"}}],\"inLanguage\":\"pt-BR\"},{\"@type\":\"Organization\",\"@id\":\"https:\/\/tecgrafteclados.com.br\/blog\/#organization\",\"name\":\"Blog\",\"url\":\"https:\/\/tecgrafteclados.com.br\/blog\/\",\"logo\":{\"@type\":\"ImageObject\",\"inLanguage\":\"pt-BR\",\"@id\":\"https:\/\/tecgrafteclados.com.br\/blog\/#\/schema\/logo\/image\/\",\"url\":\"https:\/\/tecgrafteclados.com.br\/blog\/wp-content\/uploads\/2025\/08\/imagem_2025-08-20_153227608.png\",\"contentUrl\":\"https:\/\/tecgrafteclados.com.br\/blog\/wp-content\/uploads\/2025\/08\/imagem_2025-08-20_153227608.png\",\"width\":700,\"height\":270,\"caption\":\"Blog\"},\"image\":{\"@id\":\"https:\/\/tecgrafteclados.com.br\/blog\/#\/schema\/logo\/image\/\"}},{\"@type\":\"Person\",\"@id\":\"https:\/\/tecgrafteclados.com.br\/blog\/#\/schema\/person\/ff75e3ff3dfe78e4b82eeb074d41b878\",\"name\":\"Adm Tecgrafteclados\",\"image\":{\"@type\":\"ImageObject\",\"inLanguage\":\"pt-BR\",\"@id\":\"https:\/\/tecgrafteclados.com.br\/blog\/#\/schema\/person\/image\/\",\"url\":\"https:\/\/secure.gravatar.com\/avatar\/6ca5f7f2909afdb16133d2adb8e0365584db1021f5d52b1afb30e6c192b72182?s=96&d=mm&r=g\",\"contentUrl\":\"https:\/\/secure.gravatar.com\/avatar\/6ca5f7f2909afdb16133d2adb8e0365584db1021f5d52b1afb30e6c192b72182?s=96&d=mm&r=g\",\"caption\":\"Adm Tecgrafteclados\"},\"sameAs\":[\"http:\/\/www.tecgrafteclados.com.br\"],\"url\":\"https:\/\/tecgrafteclados.com.br\/blog\/author\/adm-tecgrafteclados\/\"}]}<\/script>\n<!-- \/ Yoast SEO plugin. -->","yoast_head_json":{"title":"Revitalize Sua Frota com o Retrofit de Balan\u00e7as Comerciais Sem Comprar Equipamentos Novos - Blog %","description":"Economize no varejo fazendo o retrofit das suas balan\u00e7as comerciais. Renove a efici\u00eancia dos equipamentos com o Teclado Prix V Plus Azul.","robots":{"index":"index","follow":"follow","max-snippet":"max-snippet:-1","max-image-preview":"max-image-preview:large","max-video-preview":"max-video-preview:-1"},"canonical":"https:\/\/tecgrafteclados.com.br\/blog\/retrofit-revitalizacao-frota-balancas-comerciais\/","og_locale":"pt_BR","og_type":"article","og_title":"Revitalize Sua Frota com o Retrofit de Balan\u00e7as Comerciais Sem Comprar Equipamentos Novos - Blog %","og_description":"Economize no varejo fazendo o retrofit das suas balan\u00e7as comerciais. Renove a efici\u00eancia dos equipamentos com o Teclado Prix V Plus Azul.","og_url":"https:\/\/tecgrafteclados.com.br\/blog\/retrofit-revitalizacao-frota-balancas-comerciais\/","og_site_name":"Blog","article_published_time":"2026-07-31T12:00:00+00:00","og_image":[{"width":1200,"height":630,"url":"https:\/\/tecgrafteclados.com.br\/blog\/wp-content\/uploads\/2026\/07\/Design-sem-nome-21.png","type":"image\/png"}],"author":"Adm Tecgrafteclados","twitter_card":"summary_large_image","twitter_misc":{"Escrito por":"Adm Tecgrafteclados","Est. tempo de leitura":"6 minutos"},"schema":{"@context":"https:\/\/schema.org","@graph":[{"@type":"Article","@id":"https:\/\/tecgrafteclados.com.br\/blog\/retrofit-revitalizacao-frota-balancas-comerciais\/#article","isPartOf":{"@id":"https:\/\/tecgrafteclados.com.br\/blog\/retrofit-revitalizacao-frota-balancas-comerciais\/"},"author":{"name":"Adm Tecgrafteclados","@id":"https:\/\/tecgrafteclados.com.br\/blog\/#\/schema\/person\/ff75e3ff3dfe78e4b82eeb074d41b878"},"headline":"Revitalize Sua Frota com o Retrofit de Balan\u00e7as Comerciais Sem Comprar Equipamentos Novos","datePublished":"2026-07-31T12:00:00+00:00","mainEntityOfPage":{"@id":"https:\/\/tecgrafteclados.com.br\/blog\/retrofit-revitalizacao-frota-balancas-comerciais\/"},"wordCount":1146,"commentCount":0,"publisher":{"@id":"https:\/\/tecgrafteclados.com.br\/blog\/#organization"},"image":{"@id":"https:\/\/tecgrafteclados.com.br\/blog\/retrofit-revitalizacao-frota-balancas-comerciais\/#primaryimage"},"thumbnailUrl":"https:\/\/tecgrafteclados.com.br\/blog\/wp-content\/uploads\/2026\/07\/Design-sem-nome-21.png","keywords":["circuito flex\u00edvel personalizado","fabricante de teclados de membrana","teclado de membrana \u00e9 resistente \u00e0 \u00e1gua?","teclado de membrana industrial","teclado de membrana personalizado","teclado de membrana resistente","teclado de membrana sob medida","teclado de membrana Tecgraf"],"articleSection":["Cabe\u00e7a t\u00e9rmica","Circuitos flex\u00edveis","etiquetas de identifica\u00e7\u00e3o industrial","Etiquetas T\u00e9cnicas","Pain\u00e9is","produtos eletr\u00f4nicos industriais","Teclados de Membrana"],"inLanguage":"pt-BR","potentialAction":[{"@type":"CommentAction","name":"Comment","target":["https:\/\/tecgrafteclados.com.br\/blog\/retrofit-revitalizacao-frota-balancas-comerciais\/#respond"]}]},{"@type":"WebPage","@id":"https:\/\/tecgrafteclados.com.br\/blog\/retrofit-revitalizacao-frota-balancas-comerciais\/","url":"https:\/\/tecgrafteclados.com.br\/blog\/retrofit-revitalizacao-frota-balancas-comerciais\/","name":"Revitalize Sua Frota com o Retrofit de Balan\u00e7as Comerciais Sem Comprar Equipamentos Novos - Blog %","isPartOf":{"@id":"https:\/\/tecgrafteclados.com.br\/blog\/#website"},"primaryImageOfPage":{"@id":"https:\/\/tecgrafteclados.com.br\/blog\/retrofit-revitalizacao-frota-balancas-comerciais\/#primaryimage"},"image":{"@id":"https:\/\/tecgrafteclados.com.br\/blog\/retrofit-revitalizacao-frota-balancas-comerciais\/#primaryimage"},"thumbnailUrl":"https:\/\/tecgrafteclados.com.br\/blog\/wp-content\/uploads\/2026\/07\/Design-sem-nome-21.png","datePublished":"2026-07-31T12:00:00+00:00","description":"Economize no varejo fazendo o retrofit das suas balan\u00e7as comerciais. Renove a efici\u00eancia dos equipamentos com o Teclado Prix V Plus Azul.","breadcrumb":{"@id":"https:\/\/tecgrafteclados.com.br\/blog\/retrofit-revitalizacao-frota-balancas-comerciais\/#breadcrumb"},"inLanguage":"pt-BR","potentialAction":[{"@type":"ReadAction","target":["https:\/\/tecgrafteclados.com.br\/blog\/retrofit-revitalizacao-frota-balancas-comerciais\/"]}]},{"@type":"ImageObject","inLanguage":"pt-BR","@id":"https:\/\/tecgrafteclados.com.br\/blog\/retrofit-revitalizacao-frota-balancas-comerciais\/#primaryimage","url":"https:\/\/tecgrafteclados.com.br\/blog\/wp-content\/uploads\/2026\/07\/Design-sem-nome-21.png","contentUrl":"https:\/\/tecgrafteclados.com.br\/blog\/wp-content\/uploads\/2026\/07\/Design-sem-nome-21.png","width":1200,"height":630},{"@type":"BreadcrumbList","@id":"https:\/\/tecgrafteclados.com.br\/blog\/retrofit-revitalizacao-frota-balancas-comerciais\/#breadcrumb","itemListElement":[{"@type":"ListItem","position":1,"name":"In\u00edcio","item":"https:\/\/tecgrafteclados.com.br\/blog\/"},{"@type":"ListItem","position":2,"name":"Revitalize Sua Frota com o Retrofit de Balan\u00e7as Comerciais Sem Comprar Equipamentos Novos"}]},{"@type":"WebSite","@id":"https:\/\/tecgrafteclados.com.br\/blog\/#website","url":"https:\/\/tecgrafteclados.com.br\/blog\/","name":"Blog","description":"","publisher":{"@id":"https:\/\/tecgrafteclados.com.br\/blog\/#organization"},"potentialAction":[{"@type":"SearchAction","target":{"@type":"EntryPoint","urlTemplate":"https:\/\/tecgrafteclados.com.br\/blog\/?s={search_term_string}"},"query-input":{"@type":"PropertyValueSpecification","valueRequired":true,"valueName":"search_term_string"}}],"inLanguage":"pt-BR"},{"@type":"Organization","@id":"https:\/\/tecgrafteclados.com.br\/blog\/#organization","name":"Blog","url":"https:\/\/tecgrafteclados.com.br\/blog\/","logo":{"@type":"ImageObject","inLanguage":"pt-BR","@id":"https:\/\/tecgrafteclados.com.br\/blog\/#\/schema\/logo\/image\/","url":"https:\/\/tecgrafteclados.com.br\/blog\/wp-content\/uploads\/2025\/08\/imagem_2025-08-20_153227608.png","contentUrl":"https:\/\/tecgrafteclados.com.br\/blog\/wp-content\/uploads\/2025\/08\/imagem_2025-08-20_153227608.png","width":700,"height":270,"caption":"Blog"},"image":{"@id":"https:\/\/tecgrafteclados.com.br\/blog\/#\/schema\/logo\/image\/"}},{"@type":"Person","@id":"https:\/\/tecgrafteclados.com.br\/blog\/#\/schema\/person\/ff75e3ff3dfe78e4b82eeb074d41b878","name":"Adm Tecgrafteclados","image":{"@type":"ImageObject","inLanguage":"pt-BR","@id":"https:\/\/tecgrafteclados.com.br\/blog\/#\/schema\/person\/image\/","url":"https:\/\/secure.gravatar.com\/avatar\/6ca5f7f2909afdb16133d2adb8e0365584db1021f5d52b1afb30e6c192b72182?s=96&d=mm&r=g","contentUrl":"https:\/\/secure.gravatar.com\/avatar\/6ca5f7f2909afdb16133d2adb8e0365584db1021f5d52b1afb30e6c192b72182?s=96&d=mm&r=g","caption":"Adm Tecgrafteclados"},"sameAs":["http:\/\/www.tecgrafteclados.com.br"],"url":"https:\/\/tecgrafteclados.com.br\/blog\/author\/adm-tecgrafteclados\/"}]}},"_links":{"self":[{"href":"https:\/\/tecgrafteclados.com.br\/blog\/wp-json\/wp\/v2\/posts\/4216","targetHints":{"allow":["GET"]}}],"collection":[{"href":"https:\/\/tecgrafteclados.com.br\/blog\/wp-json\/wp\/v2\/posts"}],"about":[{"href":"https:\/\/tecgrafteclados.com.br\/blog\/wp-json\/wp\/v2\/types\/post"}],"author":[{"embeddable":true,"href":"https:\/\/tecgrafteclados.com.br\/blog\/wp-json\/wp\/v2\/users\/2"}],"replies":[{"embeddable":true,"href":"https:\/\/tecgrafteclados.com.br\/blog\/wp-json\/wp\/v2\/comments?post=4216"}],"version-history":[{"count":7,"href":"https:\/\/tecgrafteclados.com.br\/blog\/wp-json\/wp\/v2\/posts\/4216\/revisions"}],"predecessor-version":[{"id":4223,"href":"https:\/\/tecgrafteclados.com.br\/blog\/wp-json\/wp\/v2\/posts\/4216\/revisions\/4223"}],"wp:featuredmedia":[{"embeddable":true,"href":"https:\/\/tecgrafteclados.com.br\/blog\/wp-json\/wp\/v2\/media\/4185"}],"wp:attachment":[{"href":"https:\/\/tecgrafteclados.com.br\/blog\/wp-json\/wp\/v2\/media?parent=4216"}],"wp:term":[{"taxonomy":"category","embeddable":true,"href":"https:\/\/tecgrafteclados.com.br\/blog\/wp-json\/wp\/v2\/categories?post=4216"},{"taxonomy":"post_tag","embeddable":true,"href":"https:\/\/tecgrafteclados.com.br\/blog\/wp-json\/wp\/v2\/tags?post=4216"}],"curies":[{"name":"wp","href":"https:\/\/api.w.org\/{rel}","templated":true}]}}